{"id":28254,"date":"2019-09-26T12:19:50","date_gmt":"2019-09-26T10:19:50","guid":{"rendered":"https:\/\/www.makte.it\/?p=28254"},"modified":"2019-09-26T12:19:50","modified_gmt":"2019-09-26T10:19:50","slug":"le-6-fiere-di-design-e-architettura-di-settembre","status":"publish","type":"post","link":"https:\/\/www.makte.it\/it\/le-7-fiere-di-design-e-architettura-di-settembre\/","title":{"rendered":"LE 6 FIERE DI DESIGN E ARCHITETTURA DI SETTEMBRE"},"content":{"rendered":"<p>Nel mese di settembre in Italia e nel mondo si terranno numerose interessanti fiere riguardanti il design e l&#8217;architettura, perci\u00f2 abbiamo selezionato le 6 fiere pi\u00f9 interessanti secondo Makte.<\/p>\n<h3><strong>1. HELSINKI DESIGN WEEK: 5-9 SETTEMBRE<\/strong><\/h3>\n<p>Il pi\u00f9 grande festival di design nei paesi nordici.Tra i progetti pi\u00f9 interessanti sottolineiamo in particolare il forum con cui la citt\u00e0 invita i cittadini a partecipare, attraverso il design, allo sviluppo della citt\u00e0 e della sua cultura.<\/p>\n<p><a class=\"body-link\" href=\"https:\/\/www.helsinkidesignweek.com\/\" target=\"_blank\" rel=\"nofollow noopener noreferrer\" data-vars-ga-outbound-link=\"https:\/\/www.helsinkidesignweek.com\/\">www.helsinkidesignweek.com<\/a><\/p>\n<h3><strong>2. LONDON DESIGN FESTIVAL: 14-22 SETTEMBRE<\/strong><\/h3>\n<p>Londra diventa un teatro di installazioni di design e di architettura. In modo particolare i <em>Landmark Projects<\/em> sono sicuramente tra i progetti che suscitano maggiore interesse per chi partecipa al festival. I migliori designer, artisti e architetti del mondo sono infatti chiamati a creare un progetto straordinario partendo da un particolare materiale, un tema o un luogo.<br \/>\n<a class=\"body-link\" href=\"https:\/\/www.londondesignfestival.com\/\" target=\"_blank\" rel=\"nofollow noopener noreferrer\" data-vars-ga-outbound-link=\"https:\/\/www.londondesignfestival.com\/\">www.londondesignfestival.com<\/a><\/p>\n<h3><strong>3. 100% DESIGN: 18-21 SETTEMBRE<\/strong><\/h3>\n<p>Inoltre a Londra, in concomitanza con il London Design Festival, si svolge la mostra di design contemporaneo pi\u00f9 importante del Regno Unito. Un&#8217;occasione davvero imperdibile per presentare e scoprire le novit\u00e0 di rivestimenti per mobili, accessori, pareti e pavimenti, cucine e bagni.<\/p>\n<p><a href=\"https:\/\/www.100percentdesign.co.uk\/\">https:\/\/www.100percentdesign.co.uk\/<\/a><\/p>\n<h3><strong>4. FERIA HABITAT VALENCIA: 17-20 SETTEMBRE<\/strong><\/h3>\n<p>A Valencia, capitale del design 2022, ha luogo la fiera che propone nuove idee, tendenze e sviluppi del design spagnolo focalizzato in particolare su pavimenti e rivestimenti ceramici. Seminari, workshop e mostre creative da non perdere.<\/p>\n<p><a href=\"https:\/\/www.feriahabitatvalencia.com\/\">https:\/\/www.feriahabitatvalencia.com<\/a>\/<\/p>\n<h3><strong>5. CERSAIE BOLOGNA: 23-27 SETTEMBRE<\/strong><\/h3>\n<p>Immancabile appuntamento a livello internazionale per scoprire le nuove tendenze e i design delle superfici per l&#8217;arredo bagno: in particolare ceramiche, marmi, carte da parati e piastrelle.<\/p>\n<p><a class=\"body-link\" href=\"https:\/\/www.cersaie.it\/\" target=\"_blank\" rel=\"nofollow noopener noreferrer\" data-vars-ga-outbound-link=\"https:\/\/www.cersaie.it\">www.cersaie.it<\/a><\/p>\n<h3><strong>6. MARMOMAC- FIERA DI VERONA: 25-28 SETTEMBRE<\/strong><\/h3>\n<p>Evento dedicato particolarmente ed esclusivamente all\u2019industria del settore litico. Tutto ci\u00f2 che devi sapere nel campo dell&#8217;applicazioni della<b> pietra <\/b>nell\u2019architettura e nel design. A tal proposito sono previsti incontri e appuntamenti formativi per architetti e designer con rilascio di crediti formativi professionali.<\/p>\n<p><a href=\"https:\/\/www.marmomac.com\/it\/\">https:\/\/www.marmomac.com\/it\/<\/a><\/p>\n<p>&nbsp;<\/p>\n","protected":false},"excerpt":{"rendered":"<p>Nel mese di settembre in Italia e nel mondo si terranno numerose interessanti fiere riguardanti il design e l&#8217;architettura, perci\u00f2 abbiamo selezionato le 6 fiere pi\u00f9 interessanti secondo Makte. 1. HELSINKI DESIGN WEEK: 5-9 SETTEMBRE Il pi\u00f9 grande festival di design nei paesi nordici.Tra i progetti pi\u00f9 interessanti sottolineiamo in particolare il forum con cui [&#8230;]<\/p>\n<p><a class=\"btn btn-secondary understrap-read-more-link\" href=\"https:\/\/www.makte.it\/it\/le-7-fiere-di-design-e-architettura-di-settembre\/\">Leggi di pi\u00f9&#8230;<span class=\"screen-reader-text\"> from LE 6 FIERE DI DESIGN E ARCHITETTURA DI SETTEMBRE<\/span><\/a><\/p>\n","protected":false},"author":3,"featured_media":28258,"comment_status":"open","ping_status":"open","sticky":false,"template":"","format":"standard","meta":{"_acf_changed":false,"footnotes":""},"categories":[264],"tags":[286,285,698,702,697,701,703,596,645],"class_list":["post-28254","post","type-post","status-publish","format-standard","has-post-thumbnail","hentry","category-eventi","tag-architettura","tag-design","tag-europa","tag-eventi","tag-fiere","tag-materiali","tag-mostre","tag-superfici","tag-superfici-per-arredo"],"acf":[],"yoast_head":"<!-- This site is optimized with the Yoast SEO plugin v27.4 - https:\/\/yoast.com\/product\/yoast-seo-wordpress\/ -->\n<title>LE 6 FIERE DI DESIGN E ARCHITETTURA DI SETTEMBRE | Makte<\/title>\n<meta name=\"description\" content=\"Le novit\u00e0 pi\u00f9 importanti dal mondo dell&#039;architettura e dei materiali, oltre agli aggiornamenti dalla nostra azienda.\" \/>\n<meta name=\"robots\" content=\"index, follow, max-snippet:-1, max-image-preview:large, max-video-preview:-1\" \/>\n<link rel=\"canonical\" href=\"https:\/\/www.makte.it\/it\/le-7-fiere-di-design-e-architettura-di-settembre\/\" \/>\n<meta property=\"og:locale\" content=\"it_IT\" \/>\n<meta property=\"og:type\" content=\"article\" \/>\n<meta property=\"og:title\" content=\"LE 6 FIERE DI DESIGN E ARCHITETTURA DI SETTEMBRE | Makte\" \/>\n<meta property=\"og:description\" content=\"Le novit\u00e0 pi\u00f9 importanti dal mondo dell&#039;architettura e dei materiali, oltre agli aggiornamenti dalla nostra azienda.\" \/>\n<meta property=\"og:url\" content=\"https:\/\/www.makte.it\/it\/le-7-fiere-di-design-e-architettura-di-settembre\/\" \/>\n<meta property=\"og:site_name\" content=\"Makte\" \/>\n<meta property=\"article:published_time\" content=\"2019-09-26T10:19:50+00:00\" \/>\n<meta property=\"og:image\" content=\"https:\/\/www.makte.it\/wp-content\/uploads\/2019\/09\/makte.png\" \/>\n\t<meta property=\"og:image:width\" content=\"660\" \/>\n\t<meta property=\"og:image:height\" content=\"440\" \/>\n\t<meta property=\"og:image:type\" content=\"image\/png\" \/>\n<meta name=\"author\" content=\"angelica perugini\" \/>\n<meta name=\"twitter:card\" content=\"summary_large_image\" \/>\n<meta name=\"twitter:label1\" content=\"Scritto da\" \/>\n\t<meta name=\"twitter:data1\" content=\"angelica perugini\" \/>\n\t<meta name=\"twitter:label2\" content=\"Tempo di lettura stimato\" \/>\n\t<meta name=\"twitter:data2\" content=\"2 minuti\" \/>\n<script type=\"application\/ld+json\" class=\"yoast-schema-graph\">{\"@context\":\"https:\\\/\\\/schema.org\",\"@graph\":[{\"@type\":\"Article\",\"@id\":\"https:\\\/\\\/www.makte.it\\\/it\\\/le-7-fiere-di-design-e-architettura-di-settembre\\\/#article\",\"isPartOf\":{\"@id\":\"https:\\\/\\\/www.makte.it\\\/it\\\/le-7-fiere-di-design-e-architettura-di-settembre\\\/\"},\"author\":{\"name\":\"angelica perugini\",\"@id\":\"https:\\\/\\\/www.makte.it\\\/it\\\/#\\\/schema\\\/person\\\/13f5044cc6b8e1ab09adf1673363f147\"},\"headline\":\"LE 6 FIERE DI DESIGN E ARCHITETTURA DI SETTEMBRE\",\"datePublished\":\"2019-09-26T10:19:50+00:00\",\"mainEntityOfPage\":{\"@id\":\"https:\\\/\\\/www.makte.it\\\/it\\\/le-7-fiere-di-design-e-architettura-di-settembre\\\/\"},\"wordCount\":336,\"commentCount\":0,\"image\":{\"@id\":\"https:\\\/\\\/www.makte.it\\\/it\\\/le-7-fiere-di-design-e-architettura-di-settembre\\\/#primaryimage\"},\"thumbnailUrl\":\"https:\\\/\\\/www.makte.it\\\/wp-content\\\/uploads\\\/2019\\\/09\\\/makte.png\",\"keywords\":[\"architettura\",\"design\",\"europa\",\"eventi\",\"fiere\",\"materiali\",\"mostre\",\"superfici\",\"superfici per arredo\"],\"articleSection\":[\"Eventi\"],\"inLanguage\":\"it-IT\",\"potentialAction\":[{\"@type\":\"CommentAction\",\"name\":\"Comment\",\"target\":[\"https:\\\/\\\/www.makte.it\\\/it\\\/le-7-fiere-di-design-e-architettura-di-settembre\\\/#respond\"]}]},{\"@type\":\"WebPage\",\"@id\":\"https:\\\/\\\/www.makte.it\\\/it\\\/le-7-fiere-di-design-e-architettura-di-settembre\\\/\",\"url\":\"https:\\\/\\\/www.makte.it\\\/it\\\/le-7-fiere-di-design-e-architettura-di-settembre\\\/\",\"name\":\"LE 6 FIERE DI DESIGN E ARCHITETTURA DI SETTEMBRE | Makte\",\"isPartOf\":{\"@id\":\"https:\\\/\\\/www.makte.it\\\/it\\\/#website\"},\"primaryImageOfPage\":{\"@id\":\"https:\\\/\\\/www.makte.it\\\/it\\\/le-7-fiere-di-design-e-architettura-di-settembre\\\/#primaryimage\"},\"image\":{\"@id\":\"https:\\\/\\\/www.makte.it\\\/it\\\/le-7-fiere-di-design-e-architettura-di-settembre\\\/#primaryimage\"},\"thumbnailUrl\":\"https:\\\/\\\/www.makte.it\\\/wp-content\\\/uploads\\\/2019\\\/09\\\/makte.png\",\"datePublished\":\"2019-09-26T10:19:50+00:00\",\"author\":{\"@id\":\"https:\\\/\\\/www.makte.it\\\/it\\\/#\\\/schema\\\/person\\\/13f5044cc6b8e1ab09adf1673363f147\"},\"description\":\"Le novit\u00e0 pi\u00f9 importanti dal mondo dell'architettura e dei materiali, oltre agli aggiornamenti dalla nostra azienda.\",\"breadcrumb\":{\"@id\":\"https:\\\/\\\/www.makte.it\\\/it\\\/le-7-fiere-di-design-e-architettura-di-settembre\\\/#breadcrumb\"},\"inLanguage\":\"it-IT\",\"potentialAction\":[{\"@type\":\"ReadAction\",\"target\":[\"https:\\\/\\\/www.makte.it\\\/it\\\/le-7-fiere-di-design-e-architettura-di-settembre\\\/\"]}]},{\"@type\":\"ImageObject\",\"inLanguage\":\"it-IT\",\"@id\":\"https:\\\/\\\/www.makte.it\\\/it\\\/le-7-fiere-di-design-e-architettura-di-settembre\\\/#primaryimage\",\"url\":\"https:\\\/\\\/www.makte.it\\\/wp-content\\\/uploads\\\/2019\\\/09\\\/makte.png\",\"contentUrl\":\"https:\\\/\\\/www.makte.it\\\/wp-content\\\/uploads\\\/2019\\\/09\\\/makte.png\",\"width\":660,\"height\":440},{\"@type\":\"BreadcrumbList\",\"@id\":\"https:\\\/\\\/www.makte.it\\\/it\\\/le-7-fiere-di-design-e-architettura-di-settembre\\\/#breadcrumb\",\"itemListElement\":[{\"@type\":\"ListItem\",\"position\":1,\"name\":\"Home\",\"item\":\"https:\\\/\\\/www.makte.it\\\/it\\\/\"},{\"@type\":\"ListItem\",\"position\":2,\"name\":\"LE 6 FIERE DI DESIGN E ARCHITETTURA DI SETTEMBRE\"}]},{\"@type\":\"WebSite\",\"@id\":\"https:\\\/\\\/www.makte.it\\\/it\\\/#website\",\"url\":\"https:\\\/\\\/www.makte.it\\\/it\\\/\",\"name\":\"Makte\",\"description\":\"\",\"potentialAction\":[{\"@type\":\"SearchAction\",\"target\":{\"@type\":\"EntryPoint\",\"urlTemplate\":\"https:\\\/\\\/www.makte.it\\\/it\\\/?s={search_term_string}\"},\"query-input\":{\"@type\":\"PropertyValueSpecification\",\"valueRequired\":true,\"valueName\":\"search_term_string\"}}],\"inLanguage\":\"it-IT\"},{\"@type\":\"Person\",\"@id\":\"https:\\\/\\\/www.makte.it\\\/it\\\/#\\\/schema\\\/person\\\/13f5044cc6b8e1ab09adf1673363f147\",\"name\":\"angelica perugini\",\"image\":{\"@type\":\"ImageObject\",\"inLanguage\":\"it-IT\",\"@id\":\"https:\\\/\\\/secure.gravatar.com\\\/avatar\\\/923b566c722e6361abd6d6d4dc71bf72feffedbc1bb48d1635d442598a6e36aa?s=96&d=mm&r=g\",\"url\":\"https:\\\/\\\/secure.gravatar.com\\\/avatar\\\/923b566c722e6361abd6d6d4dc71bf72feffedbc1bb48d1635d442598a6e36aa?s=96&d=mm&r=g\",\"contentUrl\":\"https:\\\/\\\/secure.gravatar.com\\\/avatar\\\/923b566c722e6361abd6d6d4dc71bf72feffedbc1bb48d1635d442598a6e36aa?s=96&d=mm&r=g\",\"caption\":\"angelica perugini\"},\"sameAs\":[\"http:\\\/\\\/www.makte.it\"]}]}<\/script>\n<!-- \/ Yoast SEO plugin. -->","yoast_head_json":{"title":"LE 6 FIERE DI DESIGN E ARCHITETTURA DI SETTEMBRE | Makte","description":"Le novit\u00e0 pi\u00f9 importanti dal mondo dell'architettura e dei materiali, oltre agli aggiornamenti dalla nostra azienda.","robots":{"index":"index","follow":"follow","max-snippet":"max-snippet:-1","max-image-preview":"max-image-preview:large","max-video-preview":"max-video-preview:-1"},"canonical":"https:\/\/www.makte.it\/it\/le-7-fiere-di-design-e-architettura-di-settembre\/","og_locale":"it_IT","og_type":"article","og_title":"LE 6 FIERE DI DESIGN E ARCHITETTURA DI SETTEMBRE | Makte","og_description":"Le novit\u00e0 pi\u00f9 importanti dal mondo dell'architettura e dei materiali, oltre agli aggiornamenti dalla nostra azienda.","og_url":"https:\/\/www.makte.it\/it\/le-7-fiere-di-design-e-architettura-di-settembre\/","og_site_name":"Makte","article_published_time":"2019-09-26T10:19:50+00:00","og_image":[{"width":660,"height":440,"url":"https:\/\/www.makte.it\/wp-content\/uploads\/2019\/09\/makte.png","type":"image\/png"}],"author":"angelica perugini","twitter_card":"summary_large_image","twitter_misc":{"Scritto da":"angelica perugini","Tempo di lettura stimato":"2 minuti"},"schema":{"@context":"https:\/\/schema.org","@graph":[{"@type":"Article","@id":"https:\/\/www.makte.it\/it\/le-7-fiere-di-design-e-architettura-di-settembre\/#article","isPartOf":{"@id":"https:\/\/www.makte.it\/it\/le-7-fiere-di-design-e-architettura-di-settembre\/"},"author":{"name":"angelica perugini","@id":"https:\/\/www.makte.it\/it\/#\/schema\/person\/13f5044cc6b8e1ab09adf1673363f147"},"headline":"LE 6 FIERE DI DESIGN E ARCHITETTURA DI SETTEMBRE","datePublished":"2019-09-26T10:19:50+00:00","mainEntityOfPage":{"@id":"https:\/\/www.makte.it\/it\/le-7-fiere-di-design-e-architettura-di-settembre\/"},"wordCount":336,"commentCount":0,"image":{"@id":"https:\/\/www.makte.it\/it\/le-7-fiere-di-design-e-architettura-di-settembre\/#primaryimage"},"thumbnailUrl":"https:\/\/www.makte.it\/wp-content\/uploads\/2019\/09\/makte.png","keywords":["architettura","design","europa","eventi","fiere","materiali","mostre","superfici","superfici per arredo"],"articleSection":["Eventi"],"inLanguage":"it-IT","potentialAction":[{"@type":"CommentAction","name":"Comment","target":["https:\/\/www.makte.it\/it\/le-7-fiere-di-design-e-architettura-di-settembre\/#respond"]}]},{"@type":"WebPage","@id":"https:\/\/www.makte.it\/it\/le-7-fiere-di-design-e-architettura-di-settembre\/","url":"https:\/\/www.makte.it\/it\/le-7-fiere-di-design-e-architettura-di-settembre\/","name":"LE 6 FIERE DI DESIGN E ARCHITETTURA DI SETTEMBRE | Makte","isPartOf":{"@id":"https:\/\/www.makte.it\/it\/#website"},"primaryImageOfPage":{"@id":"https:\/\/www.makte.it\/it\/le-7-fiere-di-design-e-architettura-di-settembre\/#primaryimage"},"image":{"@id":"https:\/\/www.makte.it\/it\/le-7-fiere-di-design-e-architettura-di-settembre\/#primaryimage"},"thumbnailUrl":"https:\/\/www.makte.it\/wp-content\/uploads\/2019\/09\/makte.png","datePublished":"2019-09-26T10:19:50+00:00","author":{"@id":"https:\/\/www.makte.it\/it\/#\/schema\/person\/13f5044cc6b8e1ab09adf1673363f147"},"description":"Le novit\u00e0 pi\u00f9 importanti dal mondo dell'architettura e dei materiali, oltre agli aggiornamenti dalla nostra azienda.","breadcrumb":{"@id":"https:\/\/www.makte.it\/it\/le-7-fiere-di-design-e-architettura-di-settembre\/#breadcrumb"},"inLanguage":"it-IT","potentialAction":[{"@type":"ReadAction","target":["https:\/\/www.makte.it\/it\/le-7-fiere-di-design-e-architettura-di-settembre\/"]}]},{"@type":"ImageObject","inLanguage":"it-IT","@id":"https:\/\/www.makte.it\/it\/le-7-fiere-di-design-e-architettura-di-settembre\/#primaryimage","url":"https:\/\/www.makte.it\/wp-content\/uploads\/2019\/09\/makte.png","contentUrl":"https:\/\/www.makte.it\/wp-content\/uploads\/2019\/09\/makte.png","width":660,"height":440},{"@type":"BreadcrumbList","@id":"https:\/\/www.makte.it\/it\/le-7-fiere-di-design-e-architettura-di-settembre\/#breadcrumb","itemListElement":[{"@type":"ListItem","position":1,"name":"Home","item":"https:\/\/www.makte.it\/it\/"},{"@type":"ListItem","position":2,"name":"LE 6 FIERE DI DESIGN E ARCHITETTURA DI SETTEMBRE"}]},{"@type":"WebSite","@id":"https:\/\/www.makte.it\/it\/#website","url":"https:\/\/www.makte.it\/it\/","name":"Makte","description":"","potentialAction":[{"@type":"SearchAction","target":{"@type":"EntryPoint","urlTemplate":"https:\/\/www.makte.it\/it\/?s={search_term_string}"},"query-input":{"@type":"PropertyValueSpecification","valueRequired":true,"valueName":"search_term_string"}}],"inLanguage":"it-IT"},{"@type":"Person","@id":"https:\/\/www.makte.it\/it\/#\/schema\/person\/13f5044cc6b8e1ab09adf1673363f147","name":"angelica perugini","image":{"@type":"ImageObject","inLanguage":"it-IT","@id":"https:\/\/secure.gravatar.com\/avatar\/923b566c722e6361abd6d6d4dc71bf72feffedbc1bb48d1635d442598a6e36aa?s=96&d=mm&r=g","url":"https:\/\/secure.gravatar.com\/avatar\/923b566c722e6361abd6d6d4dc71bf72feffedbc1bb48d1635d442598a6e36aa?s=96&d=mm&r=g","contentUrl":"https:\/\/secure.gravatar.com\/avatar\/923b566c722e6361abd6d6d4dc71bf72feffedbc1bb48d1635d442598a6e36aa?s=96&d=mm&r=g","caption":"angelica perugini"},"sameAs":["http:\/\/www.makte.it"]}]}},"_links":{"self":[{"href":"https:\/\/www.makte.it\/it\/wp-json\/wp\/v2\/posts\/28254","targetHints":{"allow":["GET"]}}],"collection":[{"href":"https:\/\/www.makte.it\/it\/wp-json\/wp\/v2\/posts"}],"about":[{"href":"https:\/\/www.makte.it\/it\/wp-json\/wp\/v2\/types\/post"}],"author":[{"embeddable":true,"href":"https:\/\/www.makte.it\/it\/wp-json\/wp\/v2\/users\/3"}],"replies":[{"embeddable":true,"href":"https:\/\/www.makte.it\/it\/wp-json\/wp\/v2\/comments?post=28254"}],"version-history":[{"count":0,"href":"https:\/\/www.makte.it\/it\/wp-json\/wp\/v2\/posts\/28254\/revisions"}],"wp:featuredmedia":[{"embeddable":true,"href":"https:\/\/www.makte.it\/it\/wp-json\/wp\/v2\/media\/28258"}],"wp:attachment":[{"href":"https:\/\/www.makte.it\/it\/wp-json\/wp\/v2\/media?parent=28254"}],"wp:term":[{"taxonomy":"category","embeddable":true,"href":"https:\/\/www.makte.it\/it\/wp-json\/wp\/v2\/categories?post=28254"},{"taxonomy":"post_tag","embeddable":true,"href":"https:\/\/www.makte.it\/it\/wp-json\/wp\/v2\/tags?post=28254"}],"curies":[{"name":"wp","href":"https:\/\/api.w.org\/{rel}","templated":true}]}}